{"id":1145,"date":"2025-04-22T12:48:12","date_gmt":"2025-04-22T11:48:12","guid":{"rendered":"https:\/\/bang-olufsen.staegerag.ch\/?p=1145"},"modified":"2025-04-22T12:48:12","modified_gmt":"2025-04-22T11:48:12","slug":"umbau-in-staefa-ist-fertig","status":"publish","type":"post","link":"https:\/\/staegerag.ch\/bang-olufsen\/2025\/04\/22\/umbau-in-staefa-ist-fertig\/","title":{"rendered":"Umbau in St\u00e4fa ist fertig"},"content":{"rendered":"\t\t<div data-elementor-type=\"wp-post\" data-elementor-id=\"1145\" class=\"elementor elementor-1145\" data-elementor-post-type=\"post\">\n\t\t\t\t<div class=\"elementor-element elementor-element-48d4e44 e-flex e-con-boxed e-con e-parent\" data-id=\"48d4e44\" data-element_type=\"container\" data-e-type=\"container\">\n\t\t\t\t\t<div class=\"e-con-inner\">\n\t\t\t\t<div class=\"elementor-element elementor-element-d64ba35 elementor-widget elementor-widget-text-editor\" data-id=\"d64ba35\" data-element_type=\"widget\" data-e-type=\"widget\" data-widget_type=\"text-editor.default\">\n\t\t\t\t\t\t\t\t\t<p>Tauchen Sie ein in die faszinierende Welt von Bang &amp; Olufsen in unserer Ausstellung in St\u00e4fa! Erleben Sie eine au\u00dfergew\u00f6hnliche Pr\u00e4sentation modernster Technologie, die Design und Klang in perfekter Harmonie vereint. Entdecken Sie ikonische Soundsysteme, atemberaubende Fernseher und innovative Audiol\u00f6sungen, die Ihre Sinne begeistern werden. Lassen Sie sich von der eleganten \u00c4sthetik und der intuitiven Bedienung verzaubern. Besuchen Sie uns und erleben Sie selbst, wie Bang &amp; Olufsen Ihr Zuhause in eine Oase des Klangs und des visuellen Genusses verwandelt. Wir freuen uns auf Sie!<\/p>\t\t\t\t\t\t\t\t<\/div>\n\t\t\t\t\t<\/div>\n\t\t\t\t<\/div>\n\t\t<div class=\"elementor-element elementor-element-e3a3d87 e-flex e-con-boxed e-con e-parent\" data-id=\"e3a3d87\" data-element_type=\"container\" data-e-type=\"container\">\n\t\t\t\t\t<div class=\"e-con-inner\">\n\t\t\t\t<div class=\"elementor-element elementor-element-5e5a4d7 elementor-widget elementor-widget-gallery\" data-id=\"5e5a4d7\" data-element_type=\"widget\" data-e-type=\"widget\" data-settings=\"{&quot;lazyload&quot;:&quot;yes&quot;,&quot;gallery_layout&quot;:&quot;grid&quot;,&quot;columns&quot;:4,&quot;columns_tablet&quot;:2,&quot;columns_mobile&quot;:1,&quot;gap&quot;:{&quot;unit&quot;:&quot;px&quot;,&quot;size&quot;:10,&quot;sizes&quot;:[]},&quot;gap_tablet&quot;:{&quot;unit&quot;:&quot;px&quot;,&quot;size&quot;:10,&quot;sizes&quot;:[]},&quot;gap_mobile&quot;:{&quot;unit&quot;:&quot;px&quot;,&quot;size&quot;:10,&quot;sizes&quot;:[]},&quot;link_to&quot;:&quot;file&quot;,&quot;aspect_ratio&quot;:&quot;3:2&quot;,&quot;overlay_background&quot;:&quot;yes&quot;,&quot;content_hover_animation&quot;:&quot;fade-in&quot;}\" data-widget_type=\"gallery.default\">\n\t\t\t\t\t\t\t<div class=\"elementor-gallery__container\">\n\t\t\t\t\t\t\t<a class=\"e-gallery-item elementor-gallery-item elementor-animated-content\" href=\"https:\/\/staegerag.ch\/bang-olufsen\/wp-content\/uploads\/sites\/2\/2025\/04\/Staefa-02.jpg\" data-elementor-open-lightbox=\"yes\" data-elementor-lightbox-slideshow=\"5e5a4d7\" data-elementor-lightbox-title=\"Staefa-02\" data-e-action-hash=\"#elementor-action%3Aaction%3Dlightbox%26settings%3DeyJpZCI6MTEzOCwidXJsIjoiaHR0cHM6XC9cL3N0YWVnZXJhZy5jaFwvYmFuZy1vbHVmc2VuXC93cC1jb250ZW50XC91cGxvYWRzXC9zaXRlc1wvMlwvMjAyNVwvMDRcL1N0YWVmYS0wMi5qcGciLCJzbGlkZXNob3ciOiI1ZTVhNGQ3In0%3D\">\n\t\t\t\t\t<div class=\"e-gallery-image elementor-gallery-item__image\" data-thumbnail=\"https:\/\/staegerag.ch\/bang-olufsen\/wp-content\/uploads\/sites\/2\/2025\/04\/Staefa-02-300x169.jpg\" data-width=\"300\" data-height=\"169\" aria-label=\"\" role=\"img\" ><\/div>\n\t\t\t\t\t\t\t\t\t\t\t<div class=\"elementor-gallery-item__overlay\"><\/div>\n\t\t\t\t\t\t\t\t\t\t\t\t\t\t<\/a>\n\t\t\t\t\t<\/div>\n\t\t\t\t\t<\/div>\n\t\t\t\t\t<\/div>\n\t\t\t\t<\/div>\n\t\t\t\t<\/div>\n\t\t","protected":false},"excerpt":{"rendered":"<p>Tauchen Sie ein in die faszinierende Welt von Bang &amp; Olufsen in unserer Ausstellung in St\u00e4fa! Erleben Sie eine au\u00dfergew\u00f6hnliche Pr\u00e4sentation modernster Technologie, die Design und Klang in perfekter Harmonie vereint. Entdecken Sie ikonische Soundsysteme, atemberaubende Fernseher und innovative Audiol\u00f6sungen, die Ihre Sinne begeistern werden. Lassen Sie sich von der eleganten \u00c4sthetik und der intuitiven [&hellip;]<\/p>\n","protected":false},"author":1,"featured_media":1138,"comment_status":"open","ping_status":"open","sticky":false,"template":"","format":"standard","meta":{"footnotes":""},"categories":[74],"tags":[],"class_list":["post-1145","post","type-post","status-publish","format-standard","has-post-thumbnail","hentry","category-bang-olufsen"],"yoast_head":"<!-- This site is optimized with the Yoast SEO Premium plugin v27.4 (Yoast SEO v27.4) - https:\/\/yoast.com\/product\/yoast-seo-premium-wordpress\/ -->\n<title>Umbau in St\u00e4fa ist fertig - Bang &amp; Olufsen STAEGER AG Thalwil - St\u00e4fa<\/title>\n<meta name=\"robots\" content=\"index, follow, max-snippet:-1, max-image-preview:large, max-video-preview:-1\" \/>\n<link rel=\"canonical\" href=\"https:\/\/staegerag.ch\/bang-olufsen\/2025\/04\/22\/umbau-in-staefa-ist-fertig\/\" \/>\n<meta property=\"og:locale\" content=\"de_DE\" \/>\n<meta property=\"og:type\" content=\"article\" \/>\n<meta property=\"og:title\" content=\"Umbau in St\u00e4fa ist fertig\" \/>\n<meta property=\"og:description\" content=\"Tauchen Sie ein in die faszinierende Welt von Bang &amp; Olufsen in unserer Ausstellung in St\u00e4fa! Erleben Sie eine au\u00dfergew\u00f6hnliche Pr\u00e4sentation modernster Technologie, die Design und Klang in perfekter Harmonie vereint. Entdecken Sie ikonische Soundsysteme, atemberaubende Fernseher und innovative Audiol\u00f6sungen, die Ihre Sinne begeistern werden. Lassen Sie sich von der eleganten \u00c4sthetik und der intuitiven [&hellip;]\" \/>\n<meta property=\"og:url\" content=\"https:\/\/staegerag.ch\/bang-olufsen\/2025\/04\/22\/umbau-in-staefa-ist-fertig\/\" \/>\n<meta property=\"og:site_name\" content=\"Bang &amp; Olufsen STAEGER AG Thalwil - St\u00e4fa\" \/>\n<meta property=\"article:published_time\" content=\"2025-04-22T11:48:12+00:00\" \/>\n<meta property=\"og:image\" content=\"https:\/\/staegerag.ch\/bang-olufsen\/wp-content\/uploads\/sites\/2\/2025\/04\/Staefa-02.jpg\" \/>\n\t<meta property=\"og:image:width\" content=\"1920\" \/>\n\t<meta property=\"og:image:height\" content=\"1080\" \/>\n\t<meta property=\"og:image:type\" content=\"image\/jpeg\" \/>\n<meta name=\"author\" content=\"Bruno Duerrenberger\" \/>\n<script type=\"application\/ld+json\" class=\"yoast-schema-graph\">{\"@context\":\"https:\\\/\\\/schema.org\",\"@graph\":[{\"@type\":\"Article\",\"@id\":\"https:\\\/\\\/staegerag.ch\\\/bang-olufsen\\\/2025\\\/04\\\/22\\\/umbau-in-staefa-ist-fertig\\\/#article\",\"isPartOf\":{\"@id\":\"https:\\\/\\\/staegerag.ch\\\/bang-olufsen\\\/2025\\\/04\\\/22\\\/umbau-in-staefa-ist-fertig\\\/\"},\"author\":{\"name\":\"Bruno Duerrenberger\",\"@id\":\"https:\\\/\\\/staegerag.ch\\\/bang-olufsen\\\/#\\\/schema\\\/person\\\/982ded0ce7f7bfe69b9b280973f09f6c\"},\"headline\":\"Umbau in St\u00e4fa ist fertig\",\"datePublished\":\"2025-04-22T11:48:12+00:00\",\"mainEntityOfPage\":{\"@id\":\"https:\\\/\\\/staegerag.ch\\\/bang-olufsen\\\/2025\\\/04\\\/22\\\/umbau-in-staefa-ist-fertig\\\/\"},\"wordCount\":96,\"commentCount\":0,\"publisher\":{\"@id\":\"https:\\\/\\\/staegerag.ch\\\/bang-olufsen\\\/#organization\"},\"image\":{\"@id\":\"https:\\\/\\\/staegerag.ch\\\/bang-olufsen\\\/2025\\\/04\\\/22\\\/umbau-in-staefa-ist-fertig\\\/#primaryimage\"},\"thumbnailUrl\":\"https:\\\/\\\/staegerag.ch\\\/bang-olufsen\\\/wp-content\\\/uploads\\\/sites\\\/2\\\/2025\\\/04\\\/Staefa-02.jpg\",\"articleSection\":[\"Bang &amp; Olufsen\"],\"inLanguage\":\"de\",\"potentialAction\":[{\"@type\":\"CommentAction\",\"name\":\"Comment\",\"target\":[\"https:\\\/\\\/staegerag.ch\\\/bang-olufsen\\\/2025\\\/04\\\/22\\\/umbau-in-staefa-ist-fertig\\\/#respond\"]}],\"copyrightYear\":\"2025\",\"copyrightHolder\":{\"@id\":\"https:\\\/\\\/staegerag.ch\\\/#organization\"}},{\"@type\":\"WebPage\",\"@id\":\"https:\\\/\\\/staegerag.ch\\\/bang-olufsen\\\/2025\\\/04\\\/22\\\/umbau-in-staefa-ist-fertig\\\/\",\"url\":\"https:\\\/\\\/staegerag.ch\\\/bang-olufsen\\\/2025\\\/04\\\/22\\\/umbau-in-staefa-ist-fertig\\\/\",\"name\":\"Umbau in St\u00e4fa ist fertig - Bang &amp; Olufsen STAEGER AG Thalwil - St\u00e4fa\",\"isPartOf\":{\"@id\":\"https:\\\/\\\/staegerag.ch\\\/bang-olufsen\\\/#website\"},\"primaryImageOfPage\":{\"@id\":\"https:\\\/\\\/staegerag.ch\\\/bang-olufsen\\\/2025\\\/04\\\/22\\\/umbau-in-staefa-ist-fertig\\\/#primaryimage\"},\"image\":{\"@id\":\"https:\\\/\\\/staegerag.ch\\\/bang-olufsen\\\/2025\\\/04\\\/22\\\/umbau-in-staefa-ist-fertig\\\/#primaryimage\"},\"thumbnailUrl\":\"https:\\\/\\\/staegerag.ch\\\/bang-olufsen\\\/wp-content\\\/uploads\\\/sites\\\/2\\\/2025\\\/04\\\/Staefa-02.jpg\",\"datePublished\":\"2025-04-22T11:48:12+00:00\",\"breadcrumb\":{\"@id\":\"https:\\\/\\\/staegerag.ch\\\/bang-olufsen\\\/2025\\\/04\\\/22\\\/umbau-in-staefa-ist-fertig\\\/#breadcrumb\"},\"inLanguage\":\"de\",\"potentialAction\":[{\"@type\":\"ReadAction\",\"target\":[\"https:\\\/\\\/staegerag.ch\\\/bang-olufsen\\\/2025\\\/04\\\/22\\\/umbau-in-staefa-ist-fertig\\\/\"]}]},{\"@type\":\"ImageObject\",\"inLanguage\":\"de\",\"@id\":\"https:\\\/\\\/staegerag.ch\\\/bang-olufsen\\\/2025\\\/04\\\/22\\\/umbau-in-staefa-ist-fertig\\\/#primaryimage\",\"url\":\"https:\\\/\\\/staegerag.ch\\\/bang-olufsen\\\/wp-content\\\/uploads\\\/sites\\\/2\\\/2025\\\/04\\\/Staefa-02.jpg\",\"contentUrl\":\"https:\\\/\\\/staegerag.ch\\\/bang-olufsen\\\/wp-content\\\/uploads\\\/sites\\\/2\\\/2025\\\/04\\\/Staefa-02.jpg\",\"width\":1920,\"height\":1080},{\"@type\":\"BreadcrumbList\",\"@id\":\"https:\\\/\\\/staegerag.ch\\\/bang-olufsen\\\/2025\\\/04\\\/22\\\/umbau-in-staefa-ist-fertig\\\/#breadcrumb\",\"itemListElement\":[{\"@type\":\"ListItem\",\"position\":1,\"name\":\"Startseite\",\"item\":\"https:\\\/\\\/staegerag.ch\\\/bang-olufsen\\\/\"},{\"@type\":\"ListItem\",\"position\":2,\"name\":\"Umbau in St\u00e4fa ist fertig\"}]},{\"@type\":\"WebSite\",\"@id\":\"https:\\\/\\\/staegerag.ch\\\/bang-olufsen\\\/#website\",\"url\":\"https:\\\/\\\/staegerag.ch\\\/bang-olufsen\\\/\",\"name\":\"Bang & Olufsen STAEGER AG Thalwil - St\u00e4fa\",\"description\":\"sehen - h\u00f6ren - f\u00fchlen - erleben\",\"publisher\":{\"@id\":\"https:\\\/\\\/staegerag.ch\\\/bang-olufsen\\\/#organization\"},\"alternateName\":\"Bang & Olufsen Partner der Schweiz\",\"potentialAction\":[{\"@type\":\"SearchAction\",\"target\":{\"@type\":\"EntryPoint\",\"urlTemplate\":\"https:\\\/\\\/staegerag.ch\\\/bang-olufsen\\\/?s={search_term_string}\"},\"query-input\":{\"@type\":\"PropertyValueSpecification\",\"valueRequired\":true,\"valueName\":\"search_term_string\"}}],\"inLanguage\":\"de\"},{\"@type\":\"Organization\",\"@id\":\"https:\\\/\\\/staegerag.ch\\\/bang-olufsen\\\/#organization\",\"name\":\"Bang & Olufsen STAEGER AG Thalwil - St\u00e4fa\",\"alternateName\":\"Ihr Bang & Olufsen Partner der Schweiz\",\"url\":\"https:\\\/\\\/staegerag.ch\\\/bang-olufsen\\\/\",\"logo\":{\"@type\":\"ImageObject\",\"inLanguage\":\"de\",\"@id\":\"https:\\\/\\\/staegerag.ch\\\/bang-olufsen\\\/#\\\/schema\\\/logo\\\/image\\\/\",\"url\":\"https:\\\/\\\/staegerag.ch\\\/bang-olufsen\\\/wp-content\\\/uploads\\\/sites\\\/2\\\/2025\\\/09\\\/bo1925-bl-staegerag-scaled.png\",\"contentUrl\":\"https:\\\/\\\/staegerag.ch\\\/bang-olufsen\\\/wp-content\\\/uploads\\\/sites\\\/2\\\/2025\\\/09\\\/bo1925-bl-staegerag-scaled.png\",\"width\":2560,\"height\":857,\"caption\":\"Bang & Olufsen STAEGER AG Thalwil - St\u00e4fa\"},\"image\":{\"@id\":\"https:\\\/\\\/staegerag.ch\\\/bang-olufsen\\\/#\\\/schema\\\/logo\\\/image\\\/\"},\"sameAs\":[\"https:\\\/\\\/www.instagram.com\\\/bangolufsen_thalwil\\\/\"],\"description\":\"Die Bang & Olufsen STAEGER AG ist der anerkannte Multimedia-Spezialist und Flaggschiff-Partner von Bang & Olufsen am Z\u00fcrichsee, der High-End-Audio- und Video-L\u00f6sungen mit umfassender Beratung und Installation f\u00fcr Smart Homes anbietet.\",\"legalName\":\"Radio-Televisoin STAEGER AG\",\"foundingDate\":\"1955-12-24\",\"numberOfEmployees\":{\"@type\":\"QuantitativeValue\",\"minValue\":\"11\",\"maxValue\":\"50\"}},{\"@type\":\"Person\",\"@id\":\"https:\\\/\\\/staegerag.ch\\\/bang-olufsen\\\/#\\\/schema\\\/person\\\/982ded0ce7f7bfe69b9b280973f09f6c\",\"name\":\"Bruno Duerrenberger\",\"image\":{\"@type\":\"ImageObject\",\"inLanguage\":\"de\",\"@id\":\"https:\\\/\\\/secure.gravatar.com\\\/avatar\\\/a723c928831a358d91ee7d1a7c87fd9905bcf1cc44a999ab7fd61a95455d5b91?s=96&d=mm&r=g\",\"url\":\"https:\\\/\\\/secure.gravatar.com\\\/avatar\\\/a723c928831a358d91ee7d1a7c87fd9905bcf1cc44a999ab7fd61a95455d5b91?s=96&d=mm&r=g\",\"contentUrl\":\"https:\\\/\\\/secure.gravatar.com\\\/avatar\\\/a723c928831a358d91ee7d1a7c87fd9905bcf1cc44a999ab7fd61a95455d5b91?s=96&d=mm&r=g\",\"caption\":\"Bruno Duerrenberger\"},\"sameAs\":[\"https:\\\/\\\/staegerag.ch\"],\"url\":\"https:\\\/\\\/staegerag.ch\\\/bang-olufsen\\\/author\\\/adi_pk2fskr7\\\/\"}]}<\/script>\n<!-- \/ Yoast SEO Premium plugin. -->","yoast_head_json":{"title":"Umbau in St\u00e4fa ist fertig - Bang &amp; Olufsen STAEGER AG Thalwil - St\u00e4fa","robots":{"index":"index","follow":"follow","max-snippet":"max-snippet:-1","max-image-preview":"max-image-preview:large","max-video-preview":"max-video-preview:-1"},"canonical":"https:\/\/staegerag.ch\/bang-olufsen\/2025\/04\/22\/umbau-in-staefa-ist-fertig\/","og_locale":"de_DE","og_type":"article","og_title":"Umbau in St\u00e4fa ist fertig","og_description":"Tauchen Sie ein in die faszinierende Welt von Bang &amp; Olufsen in unserer Ausstellung in St\u00e4fa! Erleben Sie eine au\u00dfergew\u00f6hnliche Pr\u00e4sentation modernster Technologie, die Design und Klang in perfekter Harmonie vereint. Entdecken Sie ikonische Soundsysteme, atemberaubende Fernseher und innovative Audiol\u00f6sungen, die Ihre Sinne begeistern werden. Lassen Sie sich von der eleganten \u00c4sthetik und der intuitiven [&hellip;]","og_url":"https:\/\/staegerag.ch\/bang-olufsen\/2025\/04\/22\/umbau-in-staefa-ist-fertig\/","og_site_name":"Bang &amp; Olufsen STAEGER AG Thalwil - St\u00e4fa","article_published_time":"2025-04-22T11:48:12+00:00","og_image":[{"width":1920,"height":1080,"url":"https:\/\/staegerag.ch\/bang-olufsen\/wp-content\/uploads\/sites\/2\/2025\/04\/Staefa-02.jpg","type":"image\/jpeg"}],"author":"Bruno Duerrenberger","schema":{"@context":"https:\/\/schema.org","@graph":[{"@type":"Article","@id":"https:\/\/staegerag.ch\/bang-olufsen\/2025\/04\/22\/umbau-in-staefa-ist-fertig\/#article","isPartOf":{"@id":"https:\/\/staegerag.ch\/bang-olufsen\/2025\/04\/22\/umbau-in-staefa-ist-fertig\/"},"author":{"name":"Bruno Duerrenberger","@id":"https:\/\/staegerag.ch\/bang-olufsen\/#\/schema\/person\/982ded0ce7f7bfe69b9b280973f09f6c"},"headline":"Umbau in St\u00e4fa ist fertig","datePublished":"2025-04-22T11:48:12+00:00","mainEntityOfPage":{"@id":"https:\/\/staegerag.ch\/bang-olufsen\/2025\/04\/22\/umbau-in-staefa-ist-fertig\/"},"wordCount":96,"commentCount":0,"publisher":{"@id":"https:\/\/staegerag.ch\/bang-olufsen\/#organization"},"image":{"@id":"https:\/\/staegerag.ch\/bang-olufsen\/2025\/04\/22\/umbau-in-staefa-ist-fertig\/#primaryimage"},"thumbnailUrl":"https:\/\/staegerag.ch\/bang-olufsen\/wp-content\/uploads\/sites\/2\/2025\/04\/Staefa-02.jpg","articleSection":["Bang &amp; Olufsen"],"inLanguage":"de","potentialAction":[{"@type":"CommentAction","name":"Comment","target":["https:\/\/staegerag.ch\/bang-olufsen\/2025\/04\/22\/umbau-in-staefa-ist-fertig\/#respond"]}],"copyrightYear":"2025","copyrightHolder":{"@id":"https:\/\/staegerag.ch\/#organization"}},{"@type":"WebPage","@id":"https:\/\/staegerag.ch\/bang-olufsen\/2025\/04\/22\/umbau-in-staefa-ist-fertig\/","url":"https:\/\/staegerag.ch\/bang-olufsen\/2025\/04\/22\/umbau-in-staefa-ist-fertig\/","name":"Umbau in St\u00e4fa ist fertig - Bang &amp; Olufsen STAEGER AG Thalwil - St\u00e4fa","isPartOf":{"@id":"https:\/\/staegerag.ch\/bang-olufsen\/#website"},"primaryImageOfPage":{"@id":"https:\/\/staegerag.ch\/bang-olufsen\/2025\/04\/22\/umbau-in-staefa-ist-fertig\/#primaryimage"},"image":{"@id":"https:\/\/staegerag.ch\/bang-olufsen\/2025\/04\/22\/umbau-in-staefa-ist-fertig\/#primaryimage"},"thumbnailUrl":"https:\/\/staegerag.ch\/bang-olufsen\/wp-content\/uploads\/sites\/2\/2025\/04\/Staefa-02.jpg","datePublished":"2025-04-22T11:48:12+00:00","breadcrumb":{"@id":"https:\/\/staegerag.ch\/bang-olufsen\/2025\/04\/22\/umbau-in-staefa-ist-fertig\/#breadcrumb"},"inLanguage":"de","potentialAction":[{"@type":"ReadAction","target":["https:\/\/staegerag.ch\/bang-olufsen\/2025\/04\/22\/umbau-in-staefa-ist-fertig\/"]}]},{"@type":"ImageObject","inLanguage":"de","@id":"https:\/\/staegerag.ch\/bang-olufsen\/2025\/04\/22\/umbau-in-staefa-ist-fertig\/#primaryimage","url":"https:\/\/staegerag.ch\/bang-olufsen\/wp-content\/uploads\/sites\/2\/2025\/04\/Staefa-02.jpg","contentUrl":"https:\/\/staegerag.ch\/bang-olufsen\/wp-content\/uploads\/sites\/2\/2025\/04\/Staefa-02.jpg","width":1920,"height":1080},{"@type":"BreadcrumbList","@id":"https:\/\/staegerag.ch\/bang-olufsen\/2025\/04\/22\/umbau-in-staefa-ist-fertig\/#breadcrumb","itemListElement":[{"@type":"ListItem","position":1,"name":"Startseite","item":"https:\/\/staegerag.ch\/bang-olufsen\/"},{"@type":"ListItem","position":2,"name":"Umbau in St\u00e4fa ist fertig"}]},{"@type":"WebSite","@id":"https:\/\/staegerag.ch\/bang-olufsen\/#website","url":"https:\/\/staegerag.ch\/bang-olufsen\/","name":"Bang & Olufsen STAEGER AG Thalwil - St\u00e4fa","description":"sehen - h\u00f6ren - f\u00fchlen - erleben","publisher":{"@id":"https:\/\/staegerag.ch\/bang-olufsen\/#organization"},"alternateName":"Bang & Olufsen Partner der Schweiz","potentialAction":[{"@type":"SearchAction","target":{"@type":"EntryPoint","urlTemplate":"https:\/\/staegerag.ch\/bang-olufsen\/?s={search_term_string}"},"query-input":{"@type":"PropertyValueSpecification","valueRequired":true,"valueName":"search_term_string"}}],"inLanguage":"de"},{"@type":"Organization","@id":"https:\/\/staegerag.ch\/bang-olufsen\/#organization","name":"Bang & Olufsen STAEGER AG Thalwil - St\u00e4fa","alternateName":"Ihr Bang & Olufsen Partner der Schweiz","url":"https:\/\/staegerag.ch\/bang-olufsen\/","logo":{"@type":"ImageObject","inLanguage":"de","@id":"https:\/\/staegerag.ch\/bang-olufsen\/#\/schema\/logo\/image\/","url":"https:\/\/staegerag.ch\/bang-olufsen\/wp-content\/uploads\/sites\/2\/2025\/09\/bo1925-bl-staegerag-scaled.png","contentUrl":"https:\/\/staegerag.ch\/bang-olufsen\/wp-content\/uploads\/sites\/2\/2025\/09\/bo1925-bl-staegerag-scaled.png","width":2560,"height":857,"caption":"Bang & Olufsen STAEGER AG Thalwil - St\u00e4fa"},"image":{"@id":"https:\/\/staegerag.ch\/bang-olufsen\/#\/schema\/logo\/image\/"},"sameAs":["https:\/\/www.instagram.com\/bangolufsen_thalwil\/"],"description":"Die Bang & Olufsen STAEGER AG ist der anerkannte Multimedia-Spezialist und Flaggschiff-Partner von Bang & Olufsen am Z\u00fcrichsee, der High-End-Audio- und Video-L\u00f6sungen mit umfassender Beratung und Installation f\u00fcr Smart Homes anbietet.","legalName":"Radio-Televisoin STAEGER AG","foundingDate":"1955-12-24","numberOfEmployees":{"@type":"QuantitativeValue","minValue":"11","maxValue":"50"}},{"@type":"Person","@id":"https:\/\/staegerag.ch\/bang-olufsen\/#\/schema\/person\/982ded0ce7f7bfe69b9b280973f09f6c","name":"Bruno Duerrenberger","image":{"@type":"ImageObject","inLanguage":"de","@id":"https:\/\/secure.gravatar.com\/avatar\/a723c928831a358d91ee7d1a7c87fd9905bcf1cc44a999ab7fd61a95455d5b91?s=96&d=mm&r=g","url":"https:\/\/secure.gravatar.com\/avatar\/a723c928831a358d91ee7d1a7c87fd9905bcf1cc44a999ab7fd61a95455d5b91?s=96&d=mm&r=g","contentUrl":"https:\/\/secure.gravatar.com\/avatar\/a723c928831a358d91ee7d1a7c87fd9905bcf1cc44a999ab7fd61a95455d5b91?s=96&d=mm&r=g","caption":"Bruno Duerrenberger"},"sameAs":["https:\/\/staegerag.ch"],"url":"https:\/\/staegerag.ch\/bang-olufsen\/author\/adi_pk2fskr7\/"}]}},"_links":{"self":[{"href":"https:\/\/staegerag.ch\/bang-olufsen\/wp-json\/wp\/v2\/posts\/1145","targetHints":{"allow":["GET"]}}],"collection":[{"href":"https:\/\/staegerag.ch\/bang-olufsen\/wp-json\/wp\/v2\/posts"}],"about":[{"href":"https:\/\/staegerag.ch\/bang-olufsen\/wp-json\/wp\/v2\/types\/post"}],"author":[{"embeddable":true,"href":"https:\/\/staegerag.ch\/bang-olufsen\/wp-json\/wp\/v2\/users\/1"}],"replies":[{"embeddable":true,"href":"https:\/\/staegerag.ch\/bang-olufsen\/wp-json\/wp\/v2\/comments?post=1145"}],"version-history":[{"count":0,"href":"https:\/\/staegerag.ch\/bang-olufsen\/wp-json\/wp\/v2\/posts\/1145\/revisions"}],"wp:featuredmedia":[{"embeddable":true,"href":"https:\/\/staegerag.ch\/bang-olufsen\/wp-json\/wp\/v2\/media\/1138"}],"wp:attachment":[{"href":"https:\/\/staegerag.ch\/bang-olufsen\/wp-json\/wp\/v2\/media?parent=1145"}],"wp:term":[{"taxonomy":"category","embeddable":true,"href":"https:\/\/staegerag.ch\/bang-olufsen\/wp-json\/wp\/v2\/categories?post=1145"},{"taxonomy":"post_tag","embeddable":true,"href":"https:\/\/staegerag.ch\/bang-olufsen\/wp-json\/wp\/v2\/tags?post=1145"}],"curies":[{"name":"wp","href":"https:\/\/api.w.org\/{rel}","templated":true}]}}