{"id":1410,"date":"2025-10-22T11:01:20","date_gmt":"2025-10-22T09:01:20","guid":{"rendered":"https:\/\/staegerag.ch\/bang-olufsen\/?p=1410"},"modified":"2025-11-01T09:46:14","modified_gmt":"2025-11-01T08:46:14","slug":"the-centennial-collection","status":"publish","type":"post","link":"https:\/\/staegerag.ch\/bang-olufsen\/2025\/10\/22\/the-centennial-collection\/","title":{"rendered":"THE CENTENNIAL COLLECTION"},"content":{"rendered":"\t\t<div data-elementor-type=\"wp-post\" data-elementor-id=\"1410\" class=\"elementor elementor-1410\" data-elementor-post-type=\"post\">\n\t\t\t\t<div class=\"elementor-element elementor-element-d10b206 e-flex e-con-boxed e-con e-parent\" data-id=\"d10b206\" data-element_type=\"container\" data-e-type=\"container\">\n\t\t\t\t\t<div class=\"e-con-inner\">\n\t\t\t\t<div class=\"elementor-element elementor-element-93b3df6 elementor-widget elementor-widget-heading\" data-id=\"93b3df6\" data-element_type=\"widget\" data-e-type=\"widget\" data-widget_type=\"heading.default\">\n\t\t\t\t\t<h2 class=\"elementor-heading-title elementor-size-default\">100 Jahre Bang &amp; Olufsen.\nDrei Special Editions.<\/h2>\t\t\t\t<\/div>\n\t\t\t\t<div class=\"elementor-element elementor-element-f1371b6 elementor-widget elementor-widget-text-editor\" data-id=\"f1371b6\" data-element_type=\"widget\" data-e-type=\"widget\" data-widget_type=\"text-editor.default\">\n\t\t\t\t\t\t\t\t\t<p>Seit unserer ersten Kreation im Jahr 1925 bildet zeitloses Design das Grundprinzip unseres Schaffens.<\/p><p>Jetzt \u00f6ffnen unsere Designer erneut die Archive und sch\u00f6pfen f\u00fcr The Centennial Collection aus Jahrzehnten der Inspiration.<\/p><p>Die Kollektion finden Sie in Thalwil und St\u00e4fa!<\/p>\t\t\t\t\t\t\t\t<\/div>\n\t\t\t\t\t<\/div>\n\t\t\t\t<\/div>\n\t\t<div class=\"elementor-element elementor-element-1366922 e-flex e-con-boxed e-con e-parent\" data-id=\"1366922\" data-element_type=\"container\" data-e-type=\"container\">\n\t\t\t\t\t<div class=\"e-con-inner\">\n\t\t\t\t<div class=\"elementor-element elementor-element-3e43f9c elementor-widget elementor-widget-image\" data-id=\"3e43f9c\" data-element_type=\"widget\" data-e-type=\"widget\" data-widget_type=\"image.default\">\n\t\t\t\t\t\t\t\t\t\t\t\t\t\t\t<img fetchpriority=\"high\" decoding=\"async\" width=\"800\" height=\"429\" src=\"https:\/\/staegerag.ch\/bang-olufsen\/wp-content\/uploads\/sites\/2\/2025\/10\/Centennial-A5.jpg\" class=\"attachment-large size-large wp-image-1412\" alt=\"\" srcset=\"https:\/\/staegerag.ch\/bang-olufsen\/wp-content\/uploads\/sites\/2\/2025\/10\/Centennial-A5.jpg 800w, https:\/\/staegerag.ch\/bang-olufsen\/wp-content\/uploads\/sites\/2\/2025\/10\/Centennial-A5-300x161.jpg 300w, https:\/\/staegerag.ch\/bang-olufsen\/wp-content\/uploads\/sites\/2\/2025\/10\/Centennial-A5-768x412.jpg 768w, https:\/\/staegerag.ch\/bang-olufsen\/wp-content\/uploads\/sites\/2\/2025\/10\/Centennial-A5-600x322.jpg 600w\" sizes=\"(max-width: 800px) 100vw, 800px\" \/>\t\t\t\t\t\t\t\t\t\t\t\t\t\t\t<\/div>\n\t\t\t\t<div class=\"elementor-element elementor-element-d83a786 elementor-widget elementor-widget-heading\" data-id=\"d83a786\" data-element_type=\"widget\" data-e-type=\"widget\" data-widget_type=\"heading.default\">\n\t\t\t\t\t<h2 class=\"elementor-heading-title elementor-size-default\">Beosound A5<\/h2>\t\t\t\t<\/div>\n\t\t\t\t<div class=\"elementor-element elementor-element-c8e9a31 elementor-widget elementor-widget-text-editor\" data-id=\"c8e9a31\" data-element_type=\"widget\" data-e-type=\"widget\" data-widget_type=\"text-editor.default\">\n\t\t\t\t\t\t\t\t\t<p>Ein Beosound\u00a0A5 mit einem kleinen, eingewebten St\u00fcck Geschichte. Mit einem karierten Grilldesign in Anlehnung an die Oberfl\u00e4che unserer ersten Radios w\u00fcrdigt diese Special Edition 100\u00a0Jahre Designkunst.<\/p>\t\t\t\t\t\t\t\t<\/div>\n\t\t\t\t\t<\/div>\n\t\t\t\t<\/div>\n\t\t<div class=\"elementor-element elementor-element-3081487 e-flex e-con-boxed e-con e-parent\" data-id=\"3081487\" data-element_type=\"container\" data-e-type=\"container\">\n\t\t\t\t\t<div class=\"e-con-inner\">\n\t\t\t\t<div class=\"elementor-element elementor-element-47a6d65 elementor-widget elementor-widget-image\" data-id=\"47a6d65\" data-element_type=\"widget\" data-e-type=\"widget\" data-widget_type=\"image.default\">\n\t\t\t\t\t\t\t\t\t\t\t\t\t\t\t<img decoding=\"async\" width=\"800\" height=\"429\" src=\"https:\/\/staegerag.ch\/bang-olufsen\/wp-content\/uploads\/sites\/2\/2025\/10\/Centennial-H100.jpg\" class=\"attachment-large size-large wp-image-1414\" alt=\"\" srcset=\"https:\/\/staegerag.ch\/bang-olufsen\/wp-content\/uploads\/sites\/2\/2025\/10\/Centennial-H100.jpg 800w, https:\/\/staegerag.ch\/bang-olufsen\/wp-content\/uploads\/sites\/2\/2025\/10\/Centennial-H100-300x161.jpg 300w, https:\/\/staegerag.ch\/bang-olufsen\/wp-content\/uploads\/sites\/2\/2025\/10\/Centennial-H100-768x412.jpg 768w, https:\/\/staegerag.ch\/bang-olufsen\/wp-content\/uploads\/sites\/2\/2025\/10\/Centennial-H100-600x322.jpg 600w\" sizes=\"(max-width: 800px) 100vw, 800px\" \/>\t\t\t\t\t\t\t\t\t\t\t\t\t\t\t<\/div>\n\t\t\t\t<div class=\"elementor-element elementor-element-99e2988 elementor-widget elementor-widget-heading\" data-id=\"99e2988\" data-element_type=\"widget\" data-e-type=\"widget\" data-widget_type=\"heading.default\">\n\t\t\t\t\t<h2 class=\"elementor-heading-title elementor-size-default\">Beoplay H100<\/h2>\t\t\t\t<\/div>\n\t\t\t\t<div class=\"elementor-element elementor-element-07c5bca elementor-widget elementor-widget-text-editor\" data-id=\"07c5bca\" data-element_type=\"widget\" data-e-type=\"widget\" data-widget_type=\"text-editor.default\">\n\t\t\t\t\t\t\t\t\t<p class=\"b1 overlay_immersive__description\">Zwischen Vergangenheit und Zukunft: Der Beoplay\u00a0H100 Century Brown vereint ein legend\u00e4res Design mit der Handwerkskunst von heute, damit du vom Besten beider Welten profitierst.<\/p><div class=\"overlay_immersive__ctaWrapper\">\u00a0<\/div>\t\t\t\t\t\t\t\t<\/div>\n\t\t\t\t\t<\/div>\n\t\t\t\t<\/div>\n\t\t<div class=\"elementor-element elementor-element-74ee7c2 e-flex e-con-boxed e-con e-parent\" data-id=\"74ee7c2\" data-element_type=\"container\" data-e-type=\"container\">\n\t\t\t\t\t<div class=\"e-con-inner\">\n\t\t\t\t<div class=\"elementor-element elementor-element-314d90a elementor-widget elementor-widget-image\" data-id=\"314d90a\" data-element_type=\"widget\" data-e-type=\"widget\" data-widget_type=\"image.default\">\n\t\t\t\t\t\t\t\t\t\t\t\t\t\t\t<img decoding=\"async\" width=\"800\" height=\"429\" src=\"https:\/\/staegerag.ch\/bang-olufsen\/wp-content\/uploads\/sites\/2\/2025\/10\/Centennial-A9.jpg\" class=\"attachment-large size-large wp-image-1413\" alt=\"\" srcset=\"https:\/\/staegerag.ch\/bang-olufsen\/wp-content\/uploads\/sites\/2\/2025\/10\/Centennial-A9.jpg 800w, https:\/\/staegerag.ch\/bang-olufsen\/wp-content\/uploads\/sites\/2\/2025\/10\/Centennial-A9-300x161.jpg 300w, https:\/\/staegerag.ch\/bang-olufsen\/wp-content\/uploads\/sites\/2\/2025\/10\/Centennial-A9-768x412.jpg 768w, https:\/\/staegerag.ch\/bang-olufsen\/wp-content\/uploads\/sites\/2\/2025\/10\/Centennial-A9-600x322.jpg 600w\" sizes=\"(max-width: 800px) 100vw, 800px\" \/>\t\t\t\t\t\t\t\t\t\t\t\t\t\t\t<\/div>\n\t\t\t\t<div class=\"elementor-element elementor-element-7678643 elementor-widget elementor-widget-heading\" data-id=\"7678643\" data-element_type=\"widget\" data-e-type=\"widget\" data-widget_type=\"heading.default\">\n\t\t\t\t\t<h2 class=\"elementor-heading-title elementor-size-default\">Beosound A9<\/h2>\t\t\t\t<\/div>\n\t\t\t\t<div class=\"elementor-element elementor-element-f108ed8 elementor-widget elementor-widget-text-editor\" data-id=\"f108ed8\" data-element_type=\"widget\" data-e-type=\"widget\" data-widget_type=\"text-editor.default\">\n\t\t\t\t\t\t\t\t\t<p class=\"b1 overlay_immersive__description\">Zur\u00fcck in die Zukunft. Die Beine des Beosound\u00a0A9 Century Blue bestehen aus robustem Aluminium, einem Material, das unsere Vergangenheit gepr\u00e4gt hat. Abgerundet wird das Design durch einen Bezugsstoff von Kvadrat, einem modernisierten Kabel sowie Gummif\u00fcsse in unserem typischen Blau.<\/p>\t\t\t\t\t\t\t\t<\/div>\n\t\t\t\t\t<\/div>\n\t\t\t\t<\/div>\n\t\t<div class=\"elementor-element elementor-element-bf192dd e-flex e-con-boxed e-con e-parent\" data-id=\"bf192dd\" data-element_type=\"container\" data-e-type=\"container\" data-settings=\"{&quot;background_background&quot;:&quot;classic&quot;}\">\n\t\t\t\t\t<div class=\"e-con-inner\">\n\t\t<div class=\"elementor-element elementor-element-4609ec7 e-con-full e-flex e-con e-child\" data-id=\"4609ec7\" data-element_type=\"container\" data-e-type=\"container\">\n\t\t\t\t<div class=\"elementor-element elementor-element-da5589a elementor-widget elementor-widget-image\" data-id=\"da5589a\" data-element_type=\"widget\" data-e-type=\"widget\" data-widget_type=\"image.default\">\n\t\t\t\t\t\t\t\t\t\t\t\t\t\t\t<img loading=\"lazy\" decoding=\"async\" width=\"800\" height=\"798\" src=\"https:\/\/staegerag.ch\/bang-olufsen\/wp-content\/uploads\/sites\/2\/2025\/10\/packaging_centennial_packshot_202509_03_1x1-1024x1022.webp\" class=\"attachment-large size-large wp-image-1416\" alt=\"\" srcset=\"https:\/\/staegerag.ch\/bang-olufsen\/wp-content\/uploads\/sites\/2\/2025\/10\/packaging_centennial_packshot_202509_03_1x1-1024x1022.webp 1024w, https:\/\/staegerag.ch\/bang-olufsen\/wp-content\/uploads\/sites\/2\/2025\/10\/packaging_centennial_packshot_202509_03_1x1-300x300.webp 300w, https:\/\/staegerag.ch\/bang-olufsen\/wp-content\/uploads\/sites\/2\/2025\/10\/packaging_centennial_packshot_202509_03_1x1-150x150.webp 150w, https:\/\/staegerag.ch\/bang-olufsen\/wp-content\/uploads\/sites\/2\/2025\/10\/packaging_centennial_packshot_202509_03_1x1-768x767.webp 768w, https:\/\/staegerag.ch\/bang-olufsen\/wp-content\/uploads\/sites\/2\/2025\/10\/packaging_centennial_packshot_202509_03_1x1-1536x1534.webp 1536w, https:\/\/staegerag.ch\/bang-olufsen\/wp-content\/uploads\/sites\/2\/2025\/10\/packaging_centennial_packshot_202509_03_1x1-600x599.webp 600w, https:\/\/staegerag.ch\/bang-olufsen\/wp-content\/uploads\/sites\/2\/2025\/10\/packaging_centennial_packshot_202509_03_1x1-100x100.webp 100w, https:\/\/staegerag.ch\/bang-olufsen\/wp-content\/uploads\/sites\/2\/2025\/10\/packaging_centennial_packshot_202509_03_1x1.webp 1920w\" sizes=\"(max-width: 800px) 100vw, 800px\" \/>\t\t\t\t\t\t\t\t\t\t\t\t\t\t\t<\/div>\n\t\t\t\t<\/div>\n\t\t<div class=\"elementor-element elementor-element-7181a33 e-flex e-con-boxed e-con e-child\" data-id=\"7181a33\" data-element_type=\"container\" data-e-type=\"container\">\n\t\t\t\t\t<div class=\"e-con-inner\">\n\t\t\t\t<div class=\"elementor-element elementor-element-799942d elementor-widget elementor-widget-heading\" data-id=\"799942d\" data-element_type=\"widget\" data-e-type=\"widget\" data-widget_type=\"heading.default\">\n\t\t\t\t\t<h3 class=\"elementor-heading-title elementor-size-default\">Eine Hommage an 100 Jahre Design<\/h3>\t\t\t\t<\/div>\n\t\t\t\t<div class=\"elementor-element elementor-element-cafac54 elementor-widget elementor-widget-text-editor\" data-id=\"cafac54\" data-element_type=\"widget\" data-e-type=\"widget\" data-widget_type=\"text-editor.default\">\n\t\t\t\t\t\t\t\t\t<div class=\"sc-182o2pm-0 gLzBil component_index_4 m-textAndImage -fiftyFifty -withBackground\" data-sln-id=\"atm_TextAndImageVariants_container\"><div class=\"sc-182o2pm-0 lMFkE a-container container-fluid -padded\"><div class=\"m-textAndImage__wrapper\"><div class=\"row\"><div class=\"col-xs-12 col-sm-6\"><div class=\"row textAndImageTextWrapper\"><div class=\"col-xs-12 col-sm-offset-2 col-sm-8 m-textAndImage__copy\"><div><div class=\"textAndImage-text\"><div class=\"sc-182o2pm-0 jAVMrb b1 a-markdownContent focus-styling no-title\" data-sln-id=\"automation_markdownContent_container\"><p class=\"sc-182o2pm-0 jAVMrb b1\" data-sln-id=\"atm_TextAndImageVariants_description\">Die Verpackung unserer Centennial Collection w\u00fcrdigt Bang &amp; Olufsen\u2019s Reise von 1925 bis 2025. Minimalistisch und sammelw\u00fcrdig \u2013 jede Box enth\u00e4lt nicht nur ikonische Produkte, sondern auch besondere Extras wie Aufkleber und eine Gru\u00dfkarte: eine zeitlose Hommage an ein Jahrhundert der Innovation.<\/p><\/div><\/div><\/div><\/div><\/div><\/div><\/div><\/div><\/div><\/div><div class=\"sc-182o2pm-0 kYndrd component_index_5 textImmersive -vertical-align-middle\"><div class=\"content-wrapper\">\u00a0<\/div><\/div>\t\t\t\t\t\t\t\t<\/div>\n\t\t\t\t\t<\/div>\n\t\t\t\t<\/div>\n\t\t\t\t\t<\/div>\n\t\t\t\t<\/div>\n\t\t<div class=\"elementor-element elementor-element-5779a22 e-flex e-con-boxed e-con e-parent\" data-id=\"5779a22\" data-element_type=\"container\" data-e-type=\"container\" data-settings=\"{&quot;background_background&quot;:&quot;classic&quot;}\">\n\t\t\t\t\t<div class=\"e-con-inner\">\n\t\t\t\t<div class=\"elementor-element elementor-element-56ddd5e elementor-widget elementor-widget-text-editor\" data-id=\"56ddd5e\" data-element_type=\"widget\" data-e-type=\"widget\" data-widget_type=\"text-editor.default\">\n\t\t\t\t\t\t\t\t\t<p>Farben, die uns pr\u00e4gten. Formen und Materialien, die sich zugleich vertraut und neu anf\u00fchlen. Ikonische Produkte, wie du sie noch nie gesehen hast. Meilensteine unserer Vergangenheit, f\u00fcr die Zukunft neu gedacht.<\/p>\t\t\t\t\t\t\t\t<\/div>\n\t\t\t\t\t<\/div>\n\t\t\t\t<\/div>\n\t\t<div class=\"elementor-element elementor-element-e4ef63a e-flex e-con-boxed e-con e-parent\" data-id=\"e4ef63a\" data-element_type=\"container\" data-e-type=\"container\">\n\t\t\t\t\t<div class=\"e-con-inner\">\n\t\t\t\t\t<\/div>\n\t\t\t\t<\/div>\n\t\t\t\t<\/div>\n\t\t","protected":false},"excerpt":{"rendered":"<p>100 Jahre Bang &amp; Olufsen. Drei Special Editions. Seit unserer ersten Kreation im Jahr 1925 bildet zeitloses Design das Grundprinzip unseres Schaffens. Jetzt \u00f6ffnen unsere Designer erneut die Archive und sch\u00f6pfen f\u00fcr The Centennial Collection aus Jahrzehnten der Inspiration. Die Kollektion finden Sie in Thalwil und St\u00e4fa! Beosound A5 Ein Beosound\u00a0A5 mit einem kleinen, eingewebten [&hellip;]<\/p>\n","protected":false},"author":1,"featured_media":1415,"comment_status":"closed","ping_status":"open","sticky":false,"template":"","format":"standard","meta":{"footnotes":""},"categories":[1],"tags":[],"class_list":["post-1410","post","type-post","status-publish","format-standard","has-post-thumbnail","hentry","category-allgemein"],"yoast_head":"<!-- This site is optimized with the Yoast SEO Premium plugin v27.4 (Yoast SEO v27.4) - https:\/\/yoast.com\/product\/yoast-seo-premium-wordpress\/ -->\n<title>THE CENTENNIAL COLLECTION - Bang &amp; Olufsen STAEGER AG Thalwil - St\u00e4fa<\/title>\n<meta name=\"description\" content=\"Erleben Sie die Centennial Collection - 100 Jahre Bang &amp; Olufsen. Feiern Sie ein Jahrhundert inspirierendes Design mit uns.\" \/>\n<meta name=\"robots\" content=\"index, follow, max-snippet:-1, max-image-preview:large, max-video-preview:-1\" \/>\n<link rel=\"canonical\" href=\"https:\/\/staegerag.ch\/bang-olufsen\/2025\/10\/22\/the-centennial-collection\/\" \/>\n<meta property=\"og:locale\" content=\"de_DE\" \/>\n<meta property=\"og:type\" content=\"article\" \/>\n<meta property=\"og:title\" content=\"THE CENTENNIAL COLLECTION\" \/>\n<meta property=\"og:description\" content=\"Erleben Sie die Centennial Collection - 100 Jahre Bang &amp; Olufsen. Feiern Sie ein Jahrhundert inspirierendes Design mit uns.\" \/>\n<meta property=\"og:url\" content=\"https:\/\/staegerag.ch\/bang-olufsen\/2025\/10\/22\/the-centennial-collection\/\" \/>\n<meta property=\"og:site_name\" content=\"Bang &amp; Olufsen STAEGER AG Thalwil - St\u00e4fa\" \/>\n<meta property=\"article:published_time\" content=\"2025-10-22T09:01:20+00:00\" \/>\n<meta property=\"article:modified_time\" content=\"2025-11-01T08:46:14+00:00\" \/>\n<meta property=\"og:image\" content=\"http:\/\/staegerag.ch\/bang-olufsen\/wp-content\/uploads\/sites\/2\/2025\/10\/Centennial-Hero.jpg\" \/>\n\t<meta property=\"og:image:width\" content=\"1200\" \/>\n\t<meta property=\"og:image:height\" content=\"1200\" \/>\n\t<meta property=\"og:image:type\" content=\"image\/jpeg\" \/>\n<meta name=\"author\" content=\"Bruno Duerrenberger\" \/>\n<script type=\"application\/ld+json\" class=\"yoast-schema-graph\">{\"@context\":\"https:\\\/\\\/schema.org\",\"@graph\":[{\"@type\":\"Article\",\"@id\":\"https:\\\/\\\/staegerag.ch\\\/bang-olufsen\\\/2025\\\/10\\\/22\\\/the-centennial-collection\\\/#article\",\"isPartOf\":{\"@id\":\"https:\\\/\\\/staegerag.ch\\\/bang-olufsen\\\/2025\\\/10\\\/22\\\/the-centennial-collection\\\/\"},\"author\":{\"name\":\"Bruno Duerrenberger\",\"@id\":\"https:\\\/\\\/staegerag.ch\\\/bang-olufsen\\\/#\\\/schema\\\/person\\\/982ded0ce7f7bfe69b9b280973f09f6c\"},\"headline\":\"THE CENTENNIAL COLLECTION\",\"datePublished\":\"2025-10-22T09:01:20+00:00\",\"dateModified\":\"2025-11-01T08:46:14+00:00\",\"mainEntityOfPage\":{\"@id\":\"https:\\\/\\\/staegerag.ch\\\/bang-olufsen\\\/2025\\\/10\\\/22\\\/the-centennial-collection\\\/\"},\"wordCount\":239,\"publisher\":{\"@id\":\"https:\\\/\\\/staegerag.ch\\\/bang-olufsen\\\/#organization\"},\"image\":{\"@id\":\"https:\\\/\\\/staegerag.ch\\\/bang-olufsen\\\/2025\\\/10\\\/22\\\/the-centennial-collection\\\/#primaryimage\"},\"thumbnailUrl\":\"https:\\\/\\\/staegerag.ch\\\/bang-olufsen\\\/wp-content\\\/uploads\\\/sites\\\/2\\\/2025\\\/10\\\/Centennial-Hero.jpg\",\"inLanguage\":\"de\",\"copyrightYear\":\"2025\",\"copyrightHolder\":{\"@id\":\"https:\\\/\\\/staegerag.ch\\\/#organization\"}},{\"@type\":\"WebPage\",\"@id\":\"https:\\\/\\\/staegerag.ch\\\/bang-olufsen\\\/2025\\\/10\\\/22\\\/the-centennial-collection\\\/\",\"url\":\"https:\\\/\\\/staegerag.ch\\\/bang-olufsen\\\/2025\\\/10\\\/22\\\/the-centennial-collection\\\/\",\"name\":\"THE CENTENNIAL COLLECTION - Bang &amp; Olufsen STAEGER AG Thalwil - St\u00e4fa\",\"isPartOf\":{\"@id\":\"https:\\\/\\\/staegerag.ch\\\/bang-olufsen\\\/#website\"},\"primaryImageOfPage\":{\"@id\":\"https:\\\/\\\/staegerag.ch\\\/bang-olufsen\\\/2025\\\/10\\\/22\\\/the-centennial-collection\\\/#primaryimage\"},\"image\":{\"@id\":\"https:\\\/\\\/staegerag.ch\\\/bang-olufsen\\\/2025\\\/10\\\/22\\\/the-centennial-collection\\\/#primaryimage\"},\"thumbnailUrl\":\"https:\\\/\\\/staegerag.ch\\\/bang-olufsen\\\/wp-content\\\/uploads\\\/sites\\\/2\\\/2025\\\/10\\\/Centennial-Hero.jpg\",\"datePublished\":\"2025-10-22T09:01:20+00:00\",\"dateModified\":\"2025-11-01T08:46:14+00:00\",\"description\":\"Erleben Sie die Centennial Collection - 100 Jahre Bang & Olufsen. Feiern Sie ein Jahrhundert inspirierendes Design mit uns.\",\"breadcrumb\":{\"@id\":\"https:\\\/\\\/staegerag.ch\\\/bang-olufsen\\\/2025\\\/10\\\/22\\\/the-centennial-collection\\\/#breadcrumb\"},\"inLanguage\":\"de\",\"potentialAction\":[{\"@type\":\"ReadAction\",\"target\":[\"https:\\\/\\\/staegerag.ch\\\/bang-olufsen\\\/2025\\\/10\\\/22\\\/the-centennial-collection\\\/\"]}]},{\"@type\":\"ImageObject\",\"inLanguage\":\"de\",\"@id\":\"https:\\\/\\\/staegerag.ch\\\/bang-olufsen\\\/2025\\\/10\\\/22\\\/the-centennial-collection\\\/#primaryimage\",\"url\":\"https:\\\/\\\/staegerag.ch\\\/bang-olufsen\\\/wp-content\\\/uploads\\\/sites\\\/2\\\/2025\\\/10\\\/Centennial-Hero.jpg\",\"contentUrl\":\"https:\\\/\\\/staegerag.ch\\\/bang-olufsen\\\/wp-content\\\/uploads\\\/sites\\\/2\\\/2025\\\/10\\\/Centennial-Hero.jpg\",\"width\":1200,\"height\":1200},{\"@type\":\"BreadcrumbList\",\"@id\":\"https:\\\/\\\/staegerag.ch\\\/bang-olufsen\\\/2025\\\/10\\\/22\\\/the-centennial-collection\\\/#breadcrumb\",\"itemListElement\":[{\"@type\":\"ListItem\",\"position\":1,\"name\":\"Startseite\",\"item\":\"https:\\\/\\\/staegerag.ch\\\/bang-olufsen\\\/\"},{\"@type\":\"ListItem\",\"position\":2,\"name\":\"THE CENTENNIAL COLLECTION\"}]},{\"@type\":\"WebSite\",\"@id\":\"https:\\\/\\\/staegerag.ch\\\/bang-olufsen\\\/#website\",\"url\":\"https:\\\/\\\/staegerag.ch\\\/bang-olufsen\\\/\",\"name\":\"Bang & Olufsen STAEGER AG Thalwil - St\u00e4fa\",\"description\":\"sehen - h\u00f6ren - f\u00fchlen - erleben\",\"publisher\":{\"@id\":\"https:\\\/\\\/staegerag.ch\\\/bang-olufsen\\\/#organization\"},\"alternateName\":\"Bang & Olufsen Partner der Schweiz\",\"potentialAction\":[{\"@type\":\"SearchAction\",\"target\":{\"@type\":\"EntryPoint\",\"urlTemplate\":\"https:\\\/\\\/staegerag.ch\\\/bang-olufsen\\\/?s={search_term_string}\"},\"query-input\":{\"@type\":\"PropertyValueSpecification\",\"valueRequired\":true,\"valueName\":\"search_term_string\"}}],\"inLanguage\":\"de\"},{\"@type\":\"Organization\",\"@id\":\"https:\\\/\\\/staegerag.ch\\\/bang-olufsen\\\/#organization\",\"name\":\"Bang & Olufsen STAEGER AG Thalwil - St\u00e4fa\",\"alternateName\":\"Ihr Bang & Olufsen Partner der Schweiz\",\"url\":\"https:\\\/\\\/staegerag.ch\\\/bang-olufsen\\\/\",\"logo\":{\"@type\":\"ImageObject\",\"inLanguage\":\"de\",\"@id\":\"https:\\\/\\\/staegerag.ch\\\/bang-olufsen\\\/#\\\/schema\\\/logo\\\/image\\\/\",\"url\":\"https:\\\/\\\/staegerag.ch\\\/bang-olufsen\\\/wp-content\\\/uploads\\\/sites\\\/2\\\/2025\\\/09\\\/bo1925-bl-staegerag-scaled.png\",\"contentUrl\":\"https:\\\/\\\/staegerag.ch\\\/bang-olufsen\\\/wp-content\\\/uploads\\\/sites\\\/2\\\/2025\\\/09\\\/bo1925-bl-staegerag-scaled.png\",\"width\":2560,\"height\":857,\"caption\":\"Bang & Olufsen STAEGER AG Thalwil - St\u00e4fa\"},\"image\":{\"@id\":\"https:\\\/\\\/staegerag.ch\\\/bang-olufsen\\\/#\\\/schema\\\/logo\\\/image\\\/\"},\"sameAs\":[\"https:\\\/\\\/www.instagram.com\\\/bangolufsen_thalwil\\\/\"],\"description\":\"Die Bang & Olufsen STAEGER AG ist der anerkannte Multimedia-Spezialist und Flaggschiff-Partner von Bang & Olufsen am Z\u00fcrichsee, der High-End-Audio- und Video-L\u00f6sungen mit umfassender Beratung und Installation f\u00fcr Smart Homes anbietet.\",\"legalName\":\"Radio-Televisoin STAEGER AG\",\"foundingDate\":\"1955-12-24\",\"numberOfEmployees\":{\"@type\":\"QuantitativeValue\",\"minValue\":\"11\",\"maxValue\":\"50\"}},{\"@type\":\"Person\",\"@id\":\"https:\\\/\\\/staegerag.ch\\\/bang-olufsen\\\/#\\\/schema\\\/person\\\/982ded0ce7f7bfe69b9b280973f09f6c\",\"name\":\"Bruno Duerrenberger\",\"image\":{\"@type\":\"ImageObject\",\"inLanguage\":\"de\",\"@id\":\"https:\\\/\\\/secure.gravatar.com\\\/avatar\\\/a723c928831a358d91ee7d1a7c87fd9905bcf1cc44a999ab7fd61a95455d5b91?s=96&d=mm&r=g\",\"url\":\"https:\\\/\\\/secure.gravatar.com\\\/avatar\\\/a723c928831a358d91ee7d1a7c87fd9905bcf1cc44a999ab7fd61a95455d5b91?s=96&d=mm&r=g\",\"contentUrl\":\"https:\\\/\\\/secure.gravatar.com\\\/avatar\\\/a723c928831a358d91ee7d1a7c87fd9905bcf1cc44a999ab7fd61a95455d5b91?s=96&d=mm&r=g\",\"caption\":\"Bruno Duerrenberger\"},\"sameAs\":[\"https:\\\/\\\/staegerag.ch\"],\"url\":\"https:\\\/\\\/staegerag.ch\\\/bang-olufsen\\\/author\\\/adi_pk2fskr7\\\/\"}]}<\/script>\n<!-- \/ Yoast SEO Premium plugin. -->","yoast_head_json":{"title":"THE CENTENNIAL COLLECTION - Bang &amp; Olufsen STAEGER AG Thalwil - St\u00e4fa","description":"Erleben Sie die Centennial Collection - 100 Jahre Bang & Olufsen. Feiern Sie ein Jahrhundert inspirierendes Design mit uns.","robots":{"index":"index","follow":"follow","max-snippet":"max-snippet:-1","max-image-preview":"max-image-preview:large","max-video-preview":"max-video-preview:-1"},"canonical":"https:\/\/staegerag.ch\/bang-olufsen\/2025\/10\/22\/the-centennial-collection\/","og_locale":"de_DE","og_type":"article","og_title":"THE CENTENNIAL COLLECTION","og_description":"Erleben Sie die Centennial Collection - 100 Jahre Bang & Olufsen. Feiern Sie ein Jahrhundert inspirierendes Design mit uns.","og_url":"https:\/\/staegerag.ch\/bang-olufsen\/2025\/10\/22\/the-centennial-collection\/","og_site_name":"Bang &amp; Olufsen STAEGER AG Thalwil - St\u00e4fa","article_published_time":"2025-10-22T09:01:20+00:00","article_modified_time":"2025-11-01T08:46:14+00:00","og_image":[{"width":1200,"height":1200,"url":"http:\/\/staegerag.ch\/bang-olufsen\/wp-content\/uploads\/sites\/2\/2025\/10\/Centennial-Hero.jpg","type":"image\/jpeg"}],"author":"Bruno Duerrenberger","schema":{"@context":"https:\/\/schema.org","@graph":[{"@type":"Article","@id":"https:\/\/staegerag.ch\/bang-olufsen\/2025\/10\/22\/the-centennial-collection\/#article","isPartOf":{"@id":"https:\/\/staegerag.ch\/bang-olufsen\/2025\/10\/22\/the-centennial-collection\/"},"author":{"name":"Bruno Duerrenberger","@id":"https:\/\/staegerag.ch\/bang-olufsen\/#\/schema\/person\/982ded0ce7f7bfe69b9b280973f09f6c"},"headline":"THE CENTENNIAL COLLECTION","datePublished":"2025-10-22T09:01:20+00:00","dateModified":"2025-11-01T08:46:14+00:00","mainEntityOfPage":{"@id":"https:\/\/staegerag.ch\/bang-olufsen\/2025\/10\/22\/the-centennial-collection\/"},"wordCount":239,"publisher":{"@id":"https:\/\/staegerag.ch\/bang-olufsen\/#organization"},"image":{"@id":"https:\/\/staegerag.ch\/bang-olufsen\/2025\/10\/22\/the-centennial-collection\/#primaryimage"},"thumbnailUrl":"https:\/\/staegerag.ch\/bang-olufsen\/wp-content\/uploads\/sites\/2\/2025\/10\/Centennial-Hero.jpg","inLanguage":"de","copyrightYear":"2025","copyrightHolder":{"@id":"https:\/\/staegerag.ch\/#organization"}},{"@type":"WebPage","@id":"https:\/\/staegerag.ch\/bang-olufsen\/2025\/10\/22\/the-centennial-collection\/","url":"https:\/\/staegerag.ch\/bang-olufsen\/2025\/10\/22\/the-centennial-collection\/","name":"THE CENTENNIAL COLLECTION - Bang &amp; Olufsen STAEGER AG Thalwil - St\u00e4fa","isPartOf":{"@id":"https:\/\/staegerag.ch\/bang-olufsen\/#website"},"primaryImageOfPage":{"@id":"https:\/\/staegerag.ch\/bang-olufsen\/2025\/10\/22\/the-centennial-collection\/#primaryimage"},"image":{"@id":"https:\/\/staegerag.ch\/bang-olufsen\/2025\/10\/22\/the-centennial-collection\/#primaryimage"},"thumbnailUrl":"https:\/\/staegerag.ch\/bang-olufsen\/wp-content\/uploads\/sites\/2\/2025\/10\/Centennial-Hero.jpg","datePublished":"2025-10-22T09:01:20+00:00","dateModified":"2025-11-01T08:46:14+00:00","description":"Erleben Sie die Centennial Collection - 100 Jahre Bang & Olufsen. Feiern Sie ein Jahrhundert inspirierendes Design mit uns.","breadcrumb":{"@id":"https:\/\/staegerag.ch\/bang-olufsen\/2025\/10\/22\/the-centennial-collection\/#breadcrumb"},"inLanguage":"de","potentialAction":[{"@type":"ReadAction","target":["https:\/\/staegerag.ch\/bang-olufsen\/2025\/10\/22\/the-centennial-collection\/"]}]},{"@type":"ImageObject","inLanguage":"de","@id":"https:\/\/staegerag.ch\/bang-olufsen\/2025\/10\/22\/the-centennial-collection\/#primaryimage","url":"https:\/\/staegerag.ch\/bang-olufsen\/wp-content\/uploads\/sites\/2\/2025\/10\/Centennial-Hero.jpg","contentUrl":"https:\/\/staegerag.ch\/bang-olufsen\/wp-content\/uploads\/sites\/2\/2025\/10\/Centennial-Hero.jpg","width":1200,"height":1200},{"@type":"BreadcrumbList","@id":"https:\/\/staegerag.ch\/bang-olufsen\/2025\/10\/22\/the-centennial-collection\/#breadcrumb","itemListElement":[{"@type":"ListItem","position":1,"name":"Startseite","item":"https:\/\/staegerag.ch\/bang-olufsen\/"},{"@type":"ListItem","position":2,"name":"THE CENTENNIAL COLLECTION"}]},{"@type":"WebSite","@id":"https:\/\/staegerag.ch\/bang-olufsen\/#website","url":"https:\/\/staegerag.ch\/bang-olufsen\/","name":"Bang & Olufsen STAEGER AG Thalwil - St\u00e4fa","description":"sehen - h\u00f6ren - f\u00fchlen - erleben","publisher":{"@id":"https:\/\/staegerag.ch\/bang-olufsen\/#organization"},"alternateName":"Bang & Olufsen Partner der Schweiz","potentialAction":[{"@type":"SearchAction","target":{"@type":"EntryPoint","urlTemplate":"https:\/\/staegerag.ch\/bang-olufsen\/?s={search_term_string}"},"query-input":{"@type":"PropertyValueSpecification","valueRequired":true,"valueName":"search_term_string"}}],"inLanguage":"de"},{"@type":"Organization","@id":"https:\/\/staegerag.ch\/bang-olufsen\/#organization","name":"Bang & Olufsen STAEGER AG Thalwil - St\u00e4fa","alternateName":"Ihr Bang & Olufsen Partner der Schweiz","url":"https:\/\/staegerag.ch\/bang-olufsen\/","logo":{"@type":"ImageObject","inLanguage":"de","@id":"https:\/\/staegerag.ch\/bang-olufsen\/#\/schema\/logo\/image\/","url":"https:\/\/staegerag.ch\/bang-olufsen\/wp-content\/uploads\/sites\/2\/2025\/09\/bo1925-bl-staegerag-scaled.png","contentUrl":"https:\/\/staegerag.ch\/bang-olufsen\/wp-content\/uploads\/sites\/2\/2025\/09\/bo1925-bl-staegerag-scaled.png","width":2560,"height":857,"caption":"Bang & Olufsen STAEGER AG Thalwil - St\u00e4fa"},"image":{"@id":"https:\/\/staegerag.ch\/bang-olufsen\/#\/schema\/logo\/image\/"},"sameAs":["https:\/\/www.instagram.com\/bangolufsen_thalwil\/"],"description":"Die Bang & Olufsen STAEGER AG ist der anerkannte Multimedia-Spezialist und Flaggschiff-Partner von Bang & Olufsen am Z\u00fcrichsee, der High-End-Audio- und Video-L\u00f6sungen mit umfassender Beratung und Installation f\u00fcr Smart Homes anbietet.","legalName":"Radio-Televisoin STAEGER AG","foundingDate":"1955-12-24","numberOfEmployees":{"@type":"QuantitativeValue","minValue":"11","maxValue":"50"}},{"@type":"Person","@id":"https:\/\/staegerag.ch\/bang-olufsen\/#\/schema\/person\/982ded0ce7f7bfe69b9b280973f09f6c","name":"Bruno Duerrenberger","image":{"@type":"ImageObject","inLanguage":"de","@id":"https:\/\/secure.gravatar.com\/avatar\/a723c928831a358d91ee7d1a7c87fd9905bcf1cc44a999ab7fd61a95455d5b91?s=96&d=mm&r=g","url":"https:\/\/secure.gravatar.com\/avatar\/a723c928831a358d91ee7d1a7c87fd9905bcf1cc44a999ab7fd61a95455d5b91?s=96&d=mm&r=g","contentUrl":"https:\/\/secure.gravatar.com\/avatar\/a723c928831a358d91ee7d1a7c87fd9905bcf1cc44a999ab7fd61a95455d5b91?s=96&d=mm&r=g","caption":"Bruno Duerrenberger"},"sameAs":["https:\/\/staegerag.ch"],"url":"https:\/\/staegerag.ch\/bang-olufsen\/author\/adi_pk2fskr7\/"}]}},"_links":{"self":[{"href":"https:\/\/staegerag.ch\/bang-olufsen\/wp-json\/wp\/v2\/posts\/1410","targetHints":{"allow":["GET"]}}],"collection":[{"href":"https:\/\/staegerag.ch\/bang-olufsen\/wp-json\/wp\/v2\/posts"}],"about":[{"href":"https:\/\/staegerag.ch\/bang-olufsen\/wp-json\/wp\/v2\/types\/post"}],"author":[{"embeddable":true,"href":"https:\/\/staegerag.ch\/bang-olufsen\/wp-json\/wp\/v2\/users\/1"}],"replies":[{"embeddable":true,"href":"https:\/\/staegerag.ch\/bang-olufsen\/wp-json\/wp\/v2\/comments?post=1410"}],"version-history":[{"count":10,"href":"https:\/\/staegerag.ch\/bang-olufsen\/wp-json\/wp\/v2\/posts\/1410\/revisions"}],"predecessor-version":[{"id":1425,"href":"https:\/\/staegerag.ch\/bang-olufsen\/wp-json\/wp\/v2\/posts\/1410\/revisions\/1425"}],"wp:featuredmedia":[{"embeddable":true,"href":"https:\/\/staegerag.ch\/bang-olufsen\/wp-json\/wp\/v2\/media\/1415"}],"wp:attachment":[{"href":"https:\/\/staegerag.ch\/bang-olufsen\/wp-json\/wp\/v2\/media?parent=1410"}],"wp:term":[{"taxonomy":"category","embeddable":true,"href":"https:\/\/staegerag.ch\/bang-olufsen\/wp-json\/wp\/v2\/categories?post=1410"},{"taxonomy":"post_tag","embeddable":true,"href":"https:\/\/staegerag.ch\/bang-olufsen\/wp-json\/wp\/v2\/tags?post=1410"}],"curies":[{"name":"wp","href":"https:\/\/api.w.org\/{rel}","templated":true}]}}