{"id":565,"date":"2025-02-03T08:06:00","date_gmt":"2025-02-03T07:06:00","guid":{"rendered":"https:\/\/bang-olufsen.staegerag.ch\/?p=565"},"modified":"2025-02-03T08:06:00","modified_gmt":"2025-02-03T07:06:00","slug":"wir-bauen-um","status":"publish","type":"post","link":"https:\/\/staegerag.ch\/bang-olufsen\/2025\/02\/03\/wir-bauen-um\/","title":{"rendered":"Wir bauen um"},"content":{"rendered":"\t\t<div data-elementor-type=\"wp-post\" data-elementor-id=\"565\" class=\"elementor elementor-565\" data-elementor-post-type=\"post\">\n\t\t\t\t<div class=\"elementor-element elementor-element-bddb468 e-flex e-con-boxed e-con e-parent\" data-id=\"bddb468\" data-element_type=\"container\" data-e-type=\"container\">\n\t\t\t\t\t<div class=\"e-con-inner\">\n\t\t\t\t<div class=\"elementor-element elementor-element-50caba1 elementor-widget elementor-widget-heading\" data-id=\"50caba1\" data-element_type=\"widget\" data-e-type=\"widget\" data-widget_type=\"heading.default\">\n\t\t\t\t\t<h2 class=\"elementor-heading-title elementor-size-default\">St\u00e4fa wird noch sch\u00f6ner \u2013 wir erneuern unseren Showroom f\u00fcr Sie!<\/h2>\t\t\t\t<\/div>\n\t\t\t\t<div class=\"elementor-element elementor-element-b3eb645 elementor-widget elementor-widget-text-editor\" data-id=\"b3eb645\" data-element_type=\"widget\" data-e-type=\"widget\" data-widget_type=\"text-editor.default\">\n\t\t\t\t\t\t\t\t\t<p><strong>Ein Raum der Inspiration entsteht!<\/strong><\/p><p>Wir gestalten f\u00fcr Sie einen Ort, an dem Sie die Welt von Bang &amp; Olufsen in einem v\u00f6llig neuen Licht erleben k\u00f6nnen. Unser Showroom wird in modernem, stilvollem Design erstrahlen und Ihnen die perfekte Umgebung bieten, um unsere neuesten Produkte und Technologien zu entdecken.<\/p><p><strong>Modernste Technik, zeitloses Design \u2013 schon jetzt erlebbar<\/strong><\/p><p>Auch w\u00e4hrend der Umbauphase k\u00f6nnen Sie bei uns die perfekte Kombination aus modernster Technik und zeitlosem Design erleben. Besuchen Sie uns und lassen Sie sich von unseren Lautsprechern, Fernsehern und Audiosystemen in einer einzigartigen, sich wandelnden Atmosph\u00e4re inspirieren.<\/p><p><strong>Pers\u00f6nliche Beratung \u2013 auch w\u00e4hrend des Umbaus<\/strong><\/p><p>Unsere Experten stehen Ihnen zu den normalen Shop \u00d6ffnungszeiten f\u00fcr eine pers\u00f6nliche Beratung zur Verf\u00fcgung. Wir helfen Ihnen gerne, die perfekte L\u00f6sung f\u00fcr Ihre individuellen Bed\u00fcrfnisse zu finden \u2013 auch w\u00e4hrend dem Umbau um bisherigen Bang &amp; Olufsen Showroom.<\/p><p>Der Umbau wird voraussichtlich bis Ende M\u00e4rz dauern. Wir halten Sie \u00fcber die Fortschritte auf dem Laufenden und freuen uns darauf, Ihnen bald unseren vollst\u00e4ndig umgestalteten Showroom zu pr\u00e4sentieren.<\/p>\t\t\t\t\t\t\t\t<\/div>\n\t\t\t\t\t<\/div>\n\t\t\t\t<\/div>\n\t\t\t\t<\/div>\n\t\t","protected":false},"excerpt":{"rendered":"<p>St\u00e4fa wird noch sch\u00f6ner \u2013 wir erneuern unseren Showroom f\u00fcr Sie! Ein Raum der Inspiration entsteht! Wir gestalten f\u00fcr Sie einen Ort, an dem Sie die Welt von Bang &amp; Olufsen in einem v\u00f6llig neuen Licht erleben k\u00f6nnen. Unser Showroom wird in modernem, stilvollem Design erstrahlen und Ihnen die perfekte Umgebung bieten, um unsere neuesten [&hellip;]<\/p>\n","protected":false},"author":1,"featured_media":566,"comment_status":"open","ping_status":"open","sticky":false,"template":"","format":"standard","meta":{"footnotes":""},"categories":[74],"tags":[],"class_list":["post-565","post","type-post","status-publish","format-standard","has-post-thumbnail","hentry","category-bang-olufsen"],"yoast_head":"<!-- This site is optimized with the Yoast SEO Premium plugin v27.4 (Yoast SEO v27.4) - https:\/\/yoast.com\/product\/yoast-seo-premium-wordpress\/ -->\n<title>Wir bauen um - Bang &amp; Olufsen STAEGER AG Thalwil - St\u00e4fa<\/title>\n<meta name=\"robots\" content=\"index, follow, max-snippet:-1, max-image-preview:large, max-video-preview:-1\" \/>\n<link rel=\"canonical\" href=\"https:\/\/staegerag.ch\/bang-olufsen\/2025\/02\/03\/wir-bauen-um\/\" \/>\n<meta property=\"og:locale\" content=\"de_DE\" \/>\n<meta property=\"og:type\" content=\"article\" \/>\n<meta property=\"og:title\" content=\"Wir bauen um\" \/>\n<meta property=\"og:description\" content=\"St\u00e4fa wird noch sch\u00f6ner \u2013 wir erneuern unseren Showroom f\u00fcr Sie! Ein Raum der Inspiration entsteht! Wir gestalten f\u00fcr Sie einen Ort, an dem Sie die Welt von Bang &amp; Olufsen in einem v\u00f6llig neuen Licht erleben k\u00f6nnen. Unser Showroom wird in modernem, stilvollem Design erstrahlen und Ihnen die perfekte Umgebung bieten, um unsere neuesten [&hellip;]\" \/>\n<meta property=\"og:url\" content=\"https:\/\/staegerag.ch\/bang-olufsen\/2025\/02\/03\/wir-bauen-um\/\" \/>\n<meta property=\"og:site_name\" content=\"Bang &amp; Olufsen STAEGER AG Thalwil - St\u00e4fa\" \/>\n<meta property=\"article:published_time\" content=\"2025-02-03T07:06:00+00:00\" \/>\n<meta property=\"og:image\" content=\"https:\/\/staegerag.ch\/bang-olufsen\/wp-content\/uploads\/sites\/2\/2025\/11\/website.png\" \/>\n\t<meta property=\"og:image:width\" content=\"1200\" \/>\n\t<meta property=\"og:image:height\" content=\"675\" \/>\n\t<meta property=\"og:image:type\" content=\"image\/png\" \/>\n<meta name=\"author\" content=\"Bruno Duerrenberger\" \/>\n<script type=\"application\/ld+json\" class=\"yoast-schema-graph\">{\"@context\":\"https:\\\/\\\/schema.org\",\"@graph\":[{\"@type\":\"Article\",\"@id\":\"https:\\\/\\\/staegerag.ch\\\/bang-olufsen\\\/2025\\\/02\\\/03\\\/wir-bauen-um\\\/#article\",\"isPartOf\":{\"@id\":\"https:\\\/\\\/staegerag.ch\\\/bang-olufsen\\\/2025\\\/02\\\/03\\\/wir-bauen-um\\\/\"},\"author\":{\"name\":\"Bruno Duerrenberger\",\"@id\":\"https:\\\/\\\/staegerag.ch\\\/bang-olufsen\\\/#\\\/schema\\\/person\\\/982ded0ce7f7bfe69b9b280973f09f6c\"},\"headline\":\"Wir bauen um\",\"datePublished\":\"2025-02-03T07:06:00+00:00\",\"mainEntityOfPage\":{\"@id\":\"https:\\\/\\\/staegerag.ch\\\/bang-olufsen\\\/2025\\\/02\\\/03\\\/wir-bauen-um\\\/\"},\"wordCount\":201,\"commentCount\":0,\"publisher\":{\"@id\":\"https:\\\/\\\/staegerag.ch\\\/bang-olufsen\\\/#organization\"},\"image\":{\"@id\":\"https:\\\/\\\/staegerag.ch\\\/bang-olufsen\\\/2025\\\/02\\\/03\\\/wir-bauen-um\\\/#primaryimage\"},\"thumbnailUrl\":\"https:\\\/\\\/staegerag.ch\\\/bang-olufsen\\\/wp-content\\\/uploads\\\/sites\\\/2\\\/2025\\\/02\\\/ladenumbau_staefa_2025-png-1.avif\",\"articleSection\":[\"Bang &amp; Olufsen\"],\"inLanguage\":\"de\",\"potentialAction\":[{\"@type\":\"CommentAction\",\"name\":\"Comment\",\"target\":[\"https:\\\/\\\/staegerag.ch\\\/bang-olufsen\\\/2025\\\/02\\\/03\\\/wir-bauen-um\\\/#respond\"]}],\"copyrightYear\":\"2025\",\"copyrightHolder\":{\"@id\":\"https:\\\/\\\/staegerag.ch\\\/#organization\"}},{\"@type\":\"WebPage\",\"@id\":\"https:\\\/\\\/staegerag.ch\\\/bang-olufsen\\\/2025\\\/02\\\/03\\\/wir-bauen-um\\\/\",\"url\":\"https:\\\/\\\/staegerag.ch\\\/bang-olufsen\\\/2025\\\/02\\\/03\\\/wir-bauen-um\\\/\",\"name\":\"Wir bauen um - Bang &amp; Olufsen STAEGER AG Thalwil - St\u00e4fa\",\"isPartOf\":{\"@id\":\"https:\\\/\\\/staegerag.ch\\\/bang-olufsen\\\/#website\"},\"primaryImageOfPage\":{\"@id\":\"https:\\\/\\\/staegerag.ch\\\/bang-olufsen\\\/2025\\\/02\\\/03\\\/wir-bauen-um\\\/#primaryimage\"},\"image\":{\"@id\":\"https:\\\/\\\/staegerag.ch\\\/bang-olufsen\\\/2025\\\/02\\\/03\\\/wir-bauen-um\\\/#primaryimage\"},\"thumbnailUrl\":\"https:\\\/\\\/staegerag.ch\\\/bang-olufsen\\\/wp-content\\\/uploads\\\/sites\\\/2\\\/2025\\\/02\\\/ladenumbau_staefa_2025-png-1.avif\",\"datePublished\":\"2025-02-03T07:06:00+00:00\",\"breadcrumb\":{\"@id\":\"https:\\\/\\\/staegerag.ch\\\/bang-olufsen\\\/2025\\\/02\\\/03\\\/wir-bauen-um\\\/#breadcrumb\"},\"inLanguage\":\"de\",\"potentialAction\":[{\"@type\":\"ReadAction\",\"target\":[\"https:\\\/\\\/staegerag.ch\\\/bang-olufsen\\\/2025\\\/02\\\/03\\\/wir-bauen-um\\\/\"]}]},{\"@type\":\"ImageObject\",\"inLanguage\":\"de\",\"@id\":\"https:\\\/\\\/staegerag.ch\\\/bang-olufsen\\\/2025\\\/02\\\/03\\\/wir-bauen-um\\\/#primaryimage\",\"url\":\"https:\\\/\\\/staegerag.ch\\\/bang-olufsen\\\/wp-content\\\/uploads\\\/sites\\\/2\\\/2025\\\/02\\\/ladenumbau_staefa_2025-png-1.avif\",\"contentUrl\":\"https:\\\/\\\/staegerag.ch\\\/bang-olufsen\\\/wp-content\\\/uploads\\\/sites\\\/2\\\/2025\\\/02\\\/ladenumbau_staefa_2025-png-1.avif\",\"width\":1920,\"height\":870},{\"@type\":\"BreadcrumbList\",\"@id\":\"https:\\\/\\\/staegerag.ch\\\/bang-olufsen\\\/2025\\\/02\\\/03\\\/wir-bauen-um\\\/#breadcrumb\",\"itemListElement\":[{\"@type\":\"ListItem\",\"position\":1,\"name\":\"Startseite\",\"item\":\"https:\\\/\\\/staegerag.ch\\\/bang-olufsen\\\/\"},{\"@type\":\"ListItem\",\"position\":2,\"name\":\"Wir bauen um\"}]},{\"@type\":\"WebSite\",\"@id\":\"https:\\\/\\\/staegerag.ch\\\/bang-olufsen\\\/#website\",\"url\":\"https:\\\/\\\/staegerag.ch\\\/bang-olufsen\\\/\",\"name\":\"Bang & Olufsen STAEGER AG Thalwil - St\u00e4fa\",\"description\":\"sehen - h\u00f6ren - f\u00fchlen - erleben\",\"publisher\":{\"@id\":\"https:\\\/\\\/staegerag.ch\\\/bang-olufsen\\\/#organization\"},\"alternateName\":\"Bang & Olufsen Partner der Schweiz\",\"potentialAction\":[{\"@type\":\"SearchAction\",\"target\":{\"@type\":\"EntryPoint\",\"urlTemplate\":\"https:\\\/\\\/staegerag.ch\\\/bang-olufsen\\\/?s={search_term_string}\"},\"query-input\":{\"@type\":\"PropertyValueSpecification\",\"valueRequired\":true,\"valueName\":\"search_term_string\"}}],\"inLanguage\":\"de\"},{\"@type\":\"Organization\",\"@id\":\"https:\\\/\\\/staegerag.ch\\\/bang-olufsen\\\/#organization\",\"name\":\"Bang & Olufsen STAEGER AG Thalwil - St\u00e4fa\",\"alternateName\":\"Ihr Bang & Olufsen Partner der Schweiz\",\"url\":\"https:\\\/\\\/staegerag.ch\\\/bang-olufsen\\\/\",\"logo\":{\"@type\":\"ImageObject\",\"inLanguage\":\"de\",\"@id\":\"https:\\\/\\\/staegerag.ch\\\/bang-olufsen\\\/#\\\/schema\\\/logo\\\/image\\\/\",\"url\":\"https:\\\/\\\/staegerag.ch\\\/bang-olufsen\\\/wp-content\\\/uploads\\\/sites\\\/2\\\/2025\\\/09\\\/bo1925-bl-staegerag-scaled.png\",\"contentUrl\":\"https:\\\/\\\/staegerag.ch\\\/bang-olufsen\\\/wp-content\\\/uploads\\\/sites\\\/2\\\/2025\\\/09\\\/bo1925-bl-staegerag-scaled.png\",\"width\":2560,\"height\":857,\"caption\":\"Bang & Olufsen STAEGER AG Thalwil - St\u00e4fa\"},\"image\":{\"@id\":\"https:\\\/\\\/staegerag.ch\\\/bang-olufsen\\\/#\\\/schema\\\/logo\\\/image\\\/\"},\"sameAs\":[\"https:\\\/\\\/www.instagram.com\\\/bangolufsen_thalwil\\\/\"],\"description\":\"Die Bang & Olufsen STAEGER AG ist der anerkannte Multimedia-Spezialist und Flaggschiff-Partner von Bang & Olufsen am Z\u00fcrichsee, der High-End-Audio- und Video-L\u00f6sungen mit umfassender Beratung und Installation f\u00fcr Smart Homes anbietet.\",\"legalName\":\"Radio-Televisoin STAEGER AG\",\"foundingDate\":\"1955-12-24\",\"numberOfEmployees\":{\"@type\":\"QuantitativeValue\",\"minValue\":\"11\",\"maxValue\":\"50\"}},{\"@type\":\"Person\",\"@id\":\"https:\\\/\\\/staegerag.ch\\\/bang-olufsen\\\/#\\\/schema\\\/person\\\/982ded0ce7f7bfe69b9b280973f09f6c\",\"name\":\"Bruno Duerrenberger\",\"image\":{\"@type\":\"ImageObject\",\"inLanguage\":\"de\",\"@id\":\"https:\\\/\\\/secure.gravatar.com\\\/avatar\\\/a723c928831a358d91ee7d1a7c87fd9905bcf1cc44a999ab7fd61a95455d5b91?s=96&d=mm&r=g\",\"url\":\"https:\\\/\\\/secure.gravatar.com\\\/avatar\\\/a723c928831a358d91ee7d1a7c87fd9905bcf1cc44a999ab7fd61a95455d5b91?s=96&d=mm&r=g\",\"contentUrl\":\"https:\\\/\\\/secure.gravatar.com\\\/avatar\\\/a723c928831a358d91ee7d1a7c87fd9905bcf1cc44a999ab7fd61a95455d5b91?s=96&d=mm&r=g\",\"caption\":\"Bruno Duerrenberger\"},\"sameAs\":[\"https:\\\/\\\/staegerag.ch\"],\"url\":\"https:\\\/\\\/staegerag.ch\\\/bang-olufsen\\\/author\\\/adi_pk2fskr7\\\/\"}]}<\/script>\n<!-- \/ Yoast SEO Premium plugin. -->","yoast_head_json":{"title":"Wir bauen um - Bang &amp; Olufsen STAEGER AG Thalwil - St\u00e4fa","robots":{"index":"index","follow":"follow","max-snippet":"max-snippet:-1","max-image-preview":"max-image-preview:large","max-video-preview":"max-video-preview:-1"},"canonical":"https:\/\/staegerag.ch\/bang-olufsen\/2025\/02\/03\/wir-bauen-um\/","og_locale":"de_DE","og_type":"article","og_title":"Wir bauen um","og_description":"St\u00e4fa wird noch sch\u00f6ner \u2013 wir erneuern unseren Showroom f\u00fcr Sie! Ein Raum der Inspiration entsteht! Wir gestalten f\u00fcr Sie einen Ort, an dem Sie die Welt von Bang &amp; Olufsen in einem v\u00f6llig neuen Licht erleben k\u00f6nnen. Unser Showroom wird in modernem, stilvollem Design erstrahlen und Ihnen die perfekte Umgebung bieten, um unsere neuesten [&hellip;]","og_url":"https:\/\/staegerag.ch\/bang-olufsen\/2025\/02\/03\/wir-bauen-um\/","og_site_name":"Bang &amp; Olufsen STAEGER AG Thalwil - St\u00e4fa","article_published_time":"2025-02-03T07:06:00+00:00","og_image":[{"width":1200,"height":675,"url":"https:\/\/staegerag.ch\/bang-olufsen\/wp-content\/uploads\/sites\/2\/2025\/11\/website.png","type":"image\/png"}],"author":"Bruno Duerrenberger","schema":{"@context":"https:\/\/schema.org","@graph":[{"@type":"Article","@id":"https:\/\/staegerag.ch\/bang-olufsen\/2025\/02\/03\/wir-bauen-um\/#article","isPartOf":{"@id":"https:\/\/staegerag.ch\/bang-olufsen\/2025\/02\/03\/wir-bauen-um\/"},"author":{"name":"Bruno Duerrenberger","@id":"https:\/\/staegerag.ch\/bang-olufsen\/#\/schema\/person\/982ded0ce7f7bfe69b9b280973f09f6c"},"headline":"Wir bauen um","datePublished":"2025-02-03T07:06:00+00:00","mainEntityOfPage":{"@id":"https:\/\/staegerag.ch\/bang-olufsen\/2025\/02\/03\/wir-bauen-um\/"},"wordCount":201,"commentCount":0,"publisher":{"@id":"https:\/\/staegerag.ch\/bang-olufsen\/#organization"},"image":{"@id":"https:\/\/staegerag.ch\/bang-olufsen\/2025\/02\/03\/wir-bauen-um\/#primaryimage"},"thumbnailUrl":"https:\/\/staegerag.ch\/bang-olufsen\/wp-content\/uploads\/sites\/2\/2025\/02\/ladenumbau_staefa_2025-png-1.avif","articleSection":["Bang &amp; Olufsen"],"inLanguage":"de","potentialAction":[{"@type":"CommentAction","name":"Comment","target":["https:\/\/staegerag.ch\/bang-olufsen\/2025\/02\/03\/wir-bauen-um\/#respond"]}],"copyrightYear":"2025","copyrightHolder":{"@id":"https:\/\/staegerag.ch\/#organization"}},{"@type":"WebPage","@id":"https:\/\/staegerag.ch\/bang-olufsen\/2025\/02\/03\/wir-bauen-um\/","url":"https:\/\/staegerag.ch\/bang-olufsen\/2025\/02\/03\/wir-bauen-um\/","name":"Wir bauen um - Bang &amp; Olufsen STAEGER AG Thalwil - St\u00e4fa","isPartOf":{"@id":"https:\/\/staegerag.ch\/bang-olufsen\/#website"},"primaryImageOfPage":{"@id":"https:\/\/staegerag.ch\/bang-olufsen\/2025\/02\/03\/wir-bauen-um\/#primaryimage"},"image":{"@id":"https:\/\/staegerag.ch\/bang-olufsen\/2025\/02\/03\/wir-bauen-um\/#primaryimage"},"thumbnailUrl":"https:\/\/staegerag.ch\/bang-olufsen\/wp-content\/uploads\/sites\/2\/2025\/02\/ladenumbau_staefa_2025-png-1.avif","datePublished":"2025-02-03T07:06:00+00:00","breadcrumb":{"@id":"https:\/\/staegerag.ch\/bang-olufsen\/2025\/02\/03\/wir-bauen-um\/#breadcrumb"},"inLanguage":"de","potentialAction":[{"@type":"ReadAction","target":["https:\/\/staegerag.ch\/bang-olufsen\/2025\/02\/03\/wir-bauen-um\/"]}]},{"@type":"ImageObject","inLanguage":"de","@id":"https:\/\/staegerag.ch\/bang-olufsen\/2025\/02\/03\/wir-bauen-um\/#primaryimage","url":"https:\/\/staegerag.ch\/bang-olufsen\/wp-content\/uploads\/sites\/2\/2025\/02\/ladenumbau_staefa_2025-png-1.avif","contentUrl":"https:\/\/staegerag.ch\/bang-olufsen\/wp-content\/uploads\/sites\/2\/2025\/02\/ladenumbau_staefa_2025-png-1.avif","width":1920,"height":870},{"@type":"BreadcrumbList","@id":"https:\/\/staegerag.ch\/bang-olufsen\/2025\/02\/03\/wir-bauen-um\/#breadcrumb","itemListElement":[{"@type":"ListItem","position":1,"name":"Startseite","item":"https:\/\/staegerag.ch\/bang-olufsen\/"},{"@type":"ListItem","position":2,"name":"Wir bauen um"}]},{"@type":"WebSite","@id":"https:\/\/staegerag.ch\/bang-olufsen\/#website","url":"https:\/\/staegerag.ch\/bang-olufsen\/","name":"Bang & Olufsen STAEGER AG Thalwil - St\u00e4fa","description":"sehen - h\u00f6ren - f\u00fchlen - erleben","publisher":{"@id":"https:\/\/staegerag.ch\/bang-olufsen\/#organization"},"alternateName":"Bang & Olufsen Partner der Schweiz","potentialAction":[{"@type":"SearchAction","target":{"@type":"EntryPoint","urlTemplate":"https:\/\/staegerag.ch\/bang-olufsen\/?s={search_term_string}"},"query-input":{"@type":"PropertyValueSpecification","valueRequired":true,"valueName":"search_term_string"}}],"inLanguage":"de"},{"@type":"Organization","@id":"https:\/\/staegerag.ch\/bang-olufsen\/#organization","name":"Bang & Olufsen STAEGER AG Thalwil - St\u00e4fa","alternateName":"Ihr Bang & Olufsen Partner der Schweiz","url":"https:\/\/staegerag.ch\/bang-olufsen\/","logo":{"@type":"ImageObject","inLanguage":"de","@id":"https:\/\/staegerag.ch\/bang-olufsen\/#\/schema\/logo\/image\/","url":"https:\/\/staegerag.ch\/bang-olufsen\/wp-content\/uploads\/sites\/2\/2025\/09\/bo1925-bl-staegerag-scaled.png","contentUrl":"https:\/\/staegerag.ch\/bang-olufsen\/wp-content\/uploads\/sites\/2\/2025\/09\/bo1925-bl-staegerag-scaled.png","width":2560,"height":857,"caption":"Bang & Olufsen STAEGER AG Thalwil - St\u00e4fa"},"image":{"@id":"https:\/\/staegerag.ch\/bang-olufsen\/#\/schema\/logo\/image\/"},"sameAs":["https:\/\/www.instagram.com\/bangolufsen_thalwil\/"],"description":"Die Bang & Olufsen STAEGER AG ist der anerkannte Multimedia-Spezialist und Flaggschiff-Partner von Bang & Olufsen am Z\u00fcrichsee, der High-End-Audio- und Video-L\u00f6sungen mit umfassender Beratung und Installation f\u00fcr Smart Homes anbietet.","legalName":"Radio-Televisoin STAEGER AG","foundingDate":"1955-12-24","numberOfEmployees":{"@type":"QuantitativeValue","minValue":"11","maxValue":"50"}},{"@type":"Person","@id":"https:\/\/staegerag.ch\/bang-olufsen\/#\/schema\/person\/982ded0ce7f7bfe69b9b280973f09f6c","name":"Bruno Duerrenberger","image":{"@type":"ImageObject","inLanguage":"de","@id":"https:\/\/secure.gravatar.com\/avatar\/a723c928831a358d91ee7d1a7c87fd9905bcf1cc44a999ab7fd61a95455d5b91?s=96&d=mm&r=g","url":"https:\/\/secure.gravatar.com\/avatar\/a723c928831a358d91ee7d1a7c87fd9905bcf1cc44a999ab7fd61a95455d5b91?s=96&d=mm&r=g","contentUrl":"https:\/\/secure.gravatar.com\/avatar\/a723c928831a358d91ee7d1a7c87fd9905bcf1cc44a999ab7fd61a95455d5b91?s=96&d=mm&r=g","caption":"Bruno Duerrenberger"},"sameAs":["https:\/\/staegerag.ch"],"url":"https:\/\/staegerag.ch\/bang-olufsen\/author\/adi_pk2fskr7\/"}]}},"_links":{"self":[{"href":"https:\/\/staegerag.ch\/bang-olufsen\/wp-json\/wp\/v2\/posts\/565","targetHints":{"allow":["GET"]}}],"collection":[{"href":"https:\/\/staegerag.ch\/bang-olufsen\/wp-json\/wp\/v2\/posts"}],"about":[{"href":"https:\/\/staegerag.ch\/bang-olufsen\/wp-json\/wp\/v2\/types\/post"}],"author":[{"embeddable":true,"href":"https:\/\/staegerag.ch\/bang-olufsen\/wp-json\/wp\/v2\/users\/1"}],"replies":[{"embeddable":true,"href":"https:\/\/staegerag.ch\/bang-olufsen\/wp-json\/wp\/v2\/comments?post=565"}],"version-history":[{"count":0,"href":"https:\/\/staegerag.ch\/bang-olufsen\/wp-json\/wp\/v2\/posts\/565\/revisions"}],"wp:featuredmedia":[{"embeddable":true,"href":"https:\/\/staegerag.ch\/bang-olufsen\/wp-json\/wp\/v2\/media\/566"}],"wp:attachment":[{"href":"https:\/\/staegerag.ch\/bang-olufsen\/wp-json\/wp\/v2\/media?parent=565"}],"wp:term":[{"taxonomy":"category","embeddable":true,"href":"https:\/\/staegerag.ch\/bang-olufsen\/wp-json\/wp\/v2\/categories?post=565"},{"taxonomy":"post_tag","embeddable":true,"href":"https:\/\/staegerag.ch\/bang-olufsen\/wp-json\/wp\/v2\/tags?post=565"}],"curies":[{"name":"wp","href":"https:\/\/api.w.org\/{rel}","templated":true}]}}